{"id":2733,"date":"2020-04-30T15:37:30","date_gmt":"2020-04-30T15:37:30","guid":{"rendered":"https:\/\/centrecasals.com\/abrimos-el-lunes-5-de-mayo\/"},"modified":"2021-07-28T18:19:10","modified_gmt":"2021-07-28T18:19:10","slug":"abrimos-el-lunes-5-de-mayo","status":"publish","type":"post","link":"https:\/\/centrecasals.com\/es\/abrimos-el-lunes-5-de-mayo\/","title":{"rendered":"Abrimos el lunes 5 de mayo"},"content":{"rendered":"<h1 style=\"text-align: center;\">Abrimos el lunes 5 de mayo<\/h1>\n<h3 style=\"text-align: center;\">Centre Casals en Molins de Rei<\/h3>\n<p>El Centre Casals abrir\u00e1 de nuevo el pr\u00f3ximo lunes 5 de mayo siguiendo las medidas preventivas seg\u00fan el protocolo del Colegio de Fisioterapeutas.<\/p>\n<p><img decoding=\"async\" class=\"alignnone size-full wp-image-2730\" src=\"https:\/\/centrecasals.com\/wp-content\/uploads\/2020\/04\/Obrim-a-partir-del-5-de-Maig-dilluns.png\" alt=\"\" width=\"1080\" height=\"1080\" srcset=\"https:\/\/centrecasals.com\/wp-content\/uploads\/2020\/04\/Obrim-a-partir-del-5-de-Maig-dilluns-66x66.png 66w, https:\/\/centrecasals.com\/wp-content\/uploads\/2020\/04\/Obrim-a-partir-del-5-de-Maig-dilluns-150x150.png 150w, https:\/\/centrecasals.com\/wp-content\/uploads\/2020\/04\/Obrim-a-partir-del-5-de-Maig-dilluns-200x200.png 200w, https:\/\/centrecasals.com\/wp-content\/uploads\/2020\/04\/Obrim-a-partir-del-5-de-Maig-dilluns-300x300.png 300w, https:\/\/centrecasals.com\/wp-content\/uploads\/2020\/04\/Obrim-a-partir-del-5-de-Maig-dilluns-400x400.png 400w, https:\/\/centrecasals.com\/wp-content\/uploads\/2020\/04\/Obrim-a-partir-del-5-de-Maig-dilluns-600x600.png 600w, https:\/\/centrecasals.com\/wp-content\/uploads\/2020\/04\/Obrim-a-partir-del-5-de-Maig-dilluns-768x768.png 768w, https:\/\/centrecasals.com\/wp-content\/uploads\/2020\/04\/Obrim-a-partir-del-5-de-Maig-dilluns-800x800.png 800w, https:\/\/centrecasals.com\/wp-content\/uploads\/2020\/04\/Obrim-a-partir-del-5-de-Maig-dilluns-1024x1024.png 1024w, https:\/\/centrecasals.com\/wp-content\/uploads\/2020\/04\/Obrim-a-partir-del-5-de-Maig-dilluns.png 1080w\" sizes=\"(max-width: 1080px) 100vw, 1080px\" \/><\/p>\n<p>&nbsp;<\/p>\n","protected":false},"excerpt":{"rendered":"<p>Abrimos el lunes 5 de mayo Centre Casals en Molins [&hellip;]<\/p>\n","protected":false},"author":2,"featured_media":2728,"comment_status":"closed","ping_status":"closed","sticky":false,"template":"","format":"standard","meta":{"_jetpack_memberships_contains_paid_content":false,"footnotes":""},"categories":[40],"tags":[],"aioseo_notices":[],"jetpack_sharing_enabled":true,"jetpack_featured_media_url":"https:\/\/centrecasals.com\/wp-content\/uploads\/2020\/04\/Copia-de-Obrim-a-partir-del-5-de-Maig-wewb.png","_links":{"self":[{"href":"https:\/\/centrecasals.com\/es\/wp-json\/wp\/v2\/posts\/2733"}],"collection":[{"href":"https:\/\/centrecasals.com\/es\/wp-json\/wp\/v2\/posts"}],"about":[{"href":"https:\/\/centrecasals.com\/es\/wp-json\/wp\/v2\/types\/post"}],"author":[{"embeddable":true,"href":"https:\/\/centrecasals.com\/es\/wp-json\/wp\/v2\/users\/2"}],"replies":[{"embeddable":true,"href":"https:\/\/centrecasals.com\/es\/wp-json\/wp\/v2\/comments?post=2733"}],"version-history":[{"count":1,"href":"https:\/\/centrecasals.com\/es\/wp-json\/wp\/v2\/posts\/2733\/revisions"}],"predecessor-version":[{"id":3480,"href":"https:\/\/centrecasals.com\/es\/wp-json\/wp\/v2\/posts\/2733\/revisions\/3480"}],"wp:featuredmedia":[{"embeddable":true,"href":"https:\/\/centrecasals.com\/es\/wp-json\/wp\/v2\/media\/2728"}],"wp:attachment":[{"href":"https:\/\/centrecasals.com\/es\/wp-json\/wp\/v2\/media?parent=2733"}],"wp:term":[{"taxonomy":"category","embeddable":true,"href":"https:\/\/centrecasals.com\/es\/wp-json\/wp\/v2\/categories?post=2733"},{"taxonomy":"post_tag","embeddable":true,"href":"https:\/\/centrecasals.com\/es\/wp-json\/wp\/v2\/tags?post=2733"}],"curies":[{"name":"wp","href":"https:\/\/api.w.org\/{rel}","templated":true}]}}