{"id":3140,"date":"2020-11-28T16:48:30","date_gmt":"2020-11-28T16:48:30","guid":{"rendered":"https:\/\/centrecasals.com\/gestalt-realmente-entendemos-su-significado-y-origen\/"},"modified":"2021-07-28T18:14:31","modified_gmt":"2021-07-28T18:14:31","slug":"gestalt-realmente-entendemos-su-significado-y-origen","status":"publish","type":"post","link":"https:\/\/centrecasals.com\/es\/gestalt-realmente-entendemos-su-significado-y-origen\/","title":{"rendered":"Gestalt, \u00bfRealmente entendemos su significado y origen?"},"content":{"rendered":"<div class=\"fusion-fullwidth fullwidth-box fusion-builder-row-1 nonhundred-percent-fullwidth non-hundred-percent-height-scrolling\" style=\"--awb-border-radius-top-left:0px;--awb-border-radius-top-right:0px;--awb-border-radius-bottom-right:0px;--awb-border-radius-bottom-left:0px;--awb-flex-wrap:wrap;\" ><div class=\"fusion-builder-row fusion-row\"><div class=\"fusion-layout-column fusion_builder_column fusion-builder-column-0 fusion_builder_column_1_1 1_1 fusion-one-full fusion-column-first fusion-column-last\" style=\"--awb-bg-size:cover;--awb-margin-bottom:0px;\"><div class=\"fusion-column-wrapper fusion-flex-column-wrapper-legacy\"><div class=\"fusion-text fusion-text-1\"><h1>Gestalt, \u00bfRealmente entendemos su significado y origen?<\/h1>\n<p>Muchos de nosotros hemos escuchado la palabra <strong>\u201cGestalt\u201d<\/strong> alguna vez en la vida, algunos incluso frecuentamos esta palabra en nuestros discursos, pero pocos somos los que realmente entendemos su significado y origen.<\/p>\n<p>La Gestalt surgi\u00f3 en Europa, concretamente en Berl\u00edn, como una reacci\u00f3n frente al elementarismo y atomismo del estructuralismo, en el primer tercio del siglo XX, centr\u00e1ndose particularmente en el \u00e1mbito de la percepci\u00f3n y con una \u00fanica finalidad, demostrar que las mentes perciben las cosas como un todo.\u00a0 Su inicio puede fecharse en 1912 con la publicaci\u00f3n de M. Wertheimer de un art\u00edculo sobre el &#8216;fen\u00f3meno phi&#8217; (movimiento estrobosc\u00f3pico), que pone de manifiesto que en la percepci\u00f3n aporta el sujeto &#8216;algo&#8217; que no se halla presente en el est\u00edmulo. Los principales representantes de esta corriente psicol\u00f3gica fueron: Wertheimer, K\u00f6hler y Koffka.<\/p>\n<p><strong>La palabra Gestalt proviene del alem\u00e1n y significa patr\u00f3n, forma, figura o estructura unificada<\/strong>. El campo de la percepci\u00f3n visual est\u00e1 muy vinculado a esta corriente. La idea principal basada en que cuando percibimos el mundo, hay muchas se\u00f1ales distintas que nos llegan al mismo tiempo y para organizarlas, adem\u00e1s de para evitar volvernos \u201clocos\u201d, visualizamos nuestro entorno como formas o grupos unitarios.<\/p>\n<p><strong>La terapia Gestalt se basa en dos modos de trabajo.<\/strong> Por un lado, encontramos el <strong>\u201caumento de la consciencia de uno mismo\u201d<\/strong>, donde cada ser humano es responsable de sus pensamientos, actos y conductas. Si eres consciente de ellas, tendr\u00e1s m\u00e1s influencia para modificarlas. Por otro lado, encontramos <strong>\u201ccerrar las situaciones inconclusas en el pasado\u201d<\/strong>, este modo de trabajo se utiliza cuando una situaci\u00f3n se queda bloqueada en el pasado y eso ocasiona problemas en el presente.<\/p>\n<p>Por \u00faltimo, las principales ventajas de la terapia Gestalt es el enfoque hol\u00edstico de la misma psicoterapia. Esto permite hacer un planteamiento total de mejora y desarrollo personal. En el camino en el que mejoras los s\u00edntomas que te molestan puedes tener una mejora total y poder centrarte en el presente. En Centre Casals, contamos con los mejores profesionales, no dudes en contactar con nosotros y saber m\u00e1s sobre la psicolog\u00eda Gestalt.<\/p>\n<\/div><div class=\"fusion-clearfix\"><\/div><\/div><\/div><\/div><\/div>\n","protected":false},"excerpt":{"rendered":"","protected":false},"author":2,"featured_media":3136,"comment_status":"closed","ping_status":"closed","sticky":false,"template":"","format":"standard","meta":{"_jetpack_memberships_contains_paid_content":false,"footnotes":""},"categories":[79],"tags":[127],"aioseo_notices":[],"jetpack_sharing_enabled":true,"jetpack_featured_media_url":"https:\/\/centrecasals.com\/wp-content\/uploads\/2020\/11\/Copia-de-Copia-de-ALLY-JANE-4.png","_links":{"self":[{"href":"https:\/\/centrecasals.com\/es\/wp-json\/wp\/v2\/posts\/3140"}],"collection":[{"href":"https:\/\/centrecasals.com\/es\/wp-json\/wp\/v2\/posts"}],"about":[{"href":"https:\/\/centrecasals.com\/es\/wp-json\/wp\/v2\/types\/post"}],"author":[{"embeddable":true,"href":"https:\/\/centrecasals.com\/es\/wp-json\/wp\/v2\/users\/2"}],"replies":[{"embeddable":true,"href":"https:\/\/centrecasals.com\/es\/wp-json\/wp\/v2\/comments?post=3140"}],"version-history":[{"count":2,"href":"https:\/\/centrecasals.com\/es\/wp-json\/wp\/v2\/posts\/3140\/revisions"}],"predecessor-version":[{"id":3142,"href":"https:\/\/centrecasals.com\/es\/wp-json\/wp\/v2\/posts\/3140\/revisions\/3142"}],"wp:featuredmedia":[{"embeddable":true,"href":"https:\/\/centrecasals.com\/es\/wp-json\/wp\/v2\/media\/3136"}],"wp:attachment":[{"href":"https:\/\/centrecasals.com\/es\/wp-json\/wp\/v2\/media?parent=3140"}],"wp:term":[{"taxonomy":"category","embeddable":true,"href":"https:\/\/centrecasals.com\/es\/wp-json\/wp\/v2\/categories?post=3140"},{"taxonomy":"post_tag","embeddable":true,"href":"https:\/\/centrecasals.com\/es\/wp-json\/wp\/v2\/tags?post=3140"}],"curies":[{"name":"wp","href":"https:\/\/api.w.org\/{rel}","templated":true}]}}